{"id":990762,"date":"2024-10-12T12:34:00","date_gmt":"2024-10-12T11:34:00","guid":{"rendered":"https:\/\/serafima2024.live-website.com\/2024\/10\/12\/sommerfest-an-unserem-neuen-standort-in-gaildorf\/"},"modified":"2025-10-17T19:58:42","modified_gmt":"2025-10-17T18:58:42","slug":"sommerfest-an-unserem-neuen-standort-in-gaildorf","status":"publish","type":"post","link":"https:\/\/www.serafimaint.com\/de\/sommerfest-an-unserem-neuen-standort-in-gaildorf\/","title":{"rendered":"Sommerfest an unserem neuen Standort in Gaildorf!"},"content":{"rendered":"<div class=\"vgblk-rw-wrapper limit-wrapper\">\n\n\t<p>Wir freuen uns, bekanntzugeben, dass unser erstes Sommerfest am neuen Standort in Gaildorf ein gro\u00dfer Erfolg war! Das Event bot ein fantastisches Barbecue mit einer riesigen Salatbar, eine beeindruckende Auswahl an Kuchen, Eiscreme sowie erfrischenden Getr\u00e4nken und Cocktails. Ein besonderes Highlight war die gegrillte Ananas, die bei allen G\u00e4sten besonders beliebt war!<\/p>\n<p>Die Familien aller Mitarbeitenden nahmen an dem Spa\u00df teil, und sogar die Kleinen hatten mit der H\u00fcpfburg ihren Spa\u00df. Es war ein Tag voller Lachen, gro\u00dfartigem Essen und wunderbaren Erinnerungen. Der Tag beinhaltete auch inspirierende Reden, die den Ton f\u00fcr unsere gemeinsame Vision am neuen Standort setzten. Mit dieser Feier freuen wir uns auf einen Neustart an unserem neuen Standort und darauf, gemeinsam noch mehr Erfolge zu erzielen! Ein herzliches Dankesch\u00f6n an alle, die dieses Event so besonders gemacht haben!<\/p>\n<p><strong>12.10.2024<\/strong><\/p>\n\t\t\t\t\t\t\t<img loading=\"lazy\" decoding=\"async\" width=\"1536\" height=\"865\" src=\"https:\/\/serafima2024.live-website.com\/wp-content\/uploads\/2024\/10\/20241011_210114-1-1536x865.jpg\" alt=\"Mitarbeiter der Serafima\" itemprop=\"image\" title=\"Mitarbeiter der Serafima\" onerror=\"this.style.display='none'\"  sizes=\"auto, (max-width: 768px) 100vw, 100vw\" srcset=\"https:\/\/www.serafimaint.com\/wp-content\/uploads\/2024\/10\/20241011_210114-1-1536x865.jpg 1536w, https:\/\/www.serafimaint.com\/wp-content\/uploads\/2024\/10\/20241011_210114-1-300x169.jpg 300w, https:\/\/www.serafimaint.com\/wp-content\/uploads\/2024\/10\/20241011_210114-1-1024x577.jpg 1024w, https:\/\/www.serafimaint.com\/wp-content\/uploads\/2024\/10\/20241011_210114-1-768x432.jpg 768w, https:\/\/www.serafimaint.com\/wp-content\/uploads\/2024\/10\/20241011_210114-1-1260x709.jpg 1260w, https:\/\/www.serafimaint.com\/wp-content\/uploads\/2024\/10\/20241011_210114-1-630x355.jpg 630w, https:\/\/www.serafimaint.com\/wp-content\/uploads\/2024\/10\/20241011_210114-1-420x236.jpg 420w, https:\/\/www.serafimaint.com\/wp-content\/uploads\/2024\/10\/20241011_210114-1-840x473.jpg 840w, https:\/\/www.serafimaint.com\/wp-content\/uploads\/2024\/10\/20241011_210114-1-315x177.jpg 315w, https:\/\/www.serafimaint.com\/wp-content\/uploads\/2024\/10\/20241011_210114-1.jpg 2000w\" \/>\t\t\t\t\t\t\t\n\n<\/div><!-- .vgblk-rw-wrapper -->","protected":false},"excerpt":{"rendered":"<p>Wir freuen uns, bekanntzugeben, dass unser erstes Sommerfest am neuen Standort in Gaildorf ein gro\u00dfer Erfolg war! Das Event bot ein fantastisches Barbecue mit einer riesigen Salatbar, eine beeindruckende Auswahl&#8230;<\/p>\n","protected":false},"author":3,"featured_media":990436,"comment_status":"closed","ping_status":"open","sticky":false,"template":"","format":"standard","meta":{"inline_featured_image":false,"_jetpack_memberships_contains_paid_content":false,"footnotes":""},"categories":[101,102],"tags":[],"class_list":["post-990762","post","type-post","status-publish","format-standard","has-post-thumbnail","hentry","category-geschaft","category-nachrichten"],"yoast_head":"<!-- This site is optimized with the Yoast SEO plugin v27.5 - https:\/\/yoast.com\/product\/yoast-seo-wordpress\/ -->\n<title>Sommerfest an unserem neuen Standort in Gaildorf! - Serafima<\/title>\n<meta name=\"robots\" content=\"index, follow, max-snippet:-1, max-image-preview:large, max-video-preview:-1\" \/>\n<link rel=\"canonical\" href=\"https:\/\/www.serafimaint.com\/de\/sommerfest-an-unserem-neuen-standort-in-gaildorf\/\" \/>\n<meta property=\"og:locale\" content=\"de_DE\" \/>\n<meta property=\"og:type\" content=\"article\" \/>\n<meta property=\"og:title\" content=\"Sommerfest an unserem neuen Standort in Gaildorf! - Serafima\" \/>\n<meta property=\"og:description\" content=\"Wir freuen uns, bekanntzugeben, dass unser erstes Sommerfest am neuen Standort in Gaildorf ein gro\u00dfer Erfolg war! Das Event bot ein fantastisches Barbecue mit einer riesigen Salatbar, eine beeindruckende Auswahl...\" \/>\n<meta property=\"og:url\" content=\"https:\/\/www.serafimaint.com\/de\/sommerfest-an-unserem-neuen-standort-in-gaildorf\/\" \/>\n<meta property=\"og:site_name\" content=\"Serafima\" \/>\n<meta property=\"article:publisher\" content=\"https:\/\/www.facebook.com\/serafimaservice\" \/>\n<meta property=\"article:published_time\" content=\"2024-10-12T11:34:00+00:00\" \/>\n<meta property=\"article:modified_time\" content=\"2025-10-17T18:58:42+00:00\" \/>\n<meta property=\"og:image\" content=\"https:\/\/www.serafimaint.com\/wp-content\/uploads\/2024\/11\/20241011_210133-rotated.jpg\" \/>\n\t<meta property=\"og:image:width\" content=\"1126\" \/>\n\t<meta property=\"og:image:height\" content=\"2000\" \/>\n\t<meta property=\"og:image:type\" content=\"image\/jpeg\" \/>\n<meta name=\"author\" content=\"Stephan\" \/>\n<meta name=\"twitter:card\" content=\"summary_large_image\" \/>\n<meta name=\"twitter:label1\" content=\"Verfasst von\" \/>\n\t<meta name=\"twitter:data1\" content=\"Stephan\" \/>\n\t<meta name=\"twitter:label2\" content=\"Gesch\u00e4tzte Lesezeit\" \/>\n\t<meta name=\"twitter:data2\" content=\"1\u00a0Minute\" \/>\n<script type=\"application\/ld+json\" class=\"yoast-schema-graph\">{\"@context\":\"https:\\\/\\\/schema.org\",\"@graph\":[{\"@type\":\"Article\",\"@id\":\"https:\\\/\\\/www.serafimaint.com\\\/de\\\/sommerfest-an-unserem-neuen-standort-in-gaildorf\\\/#article\",\"isPartOf\":{\"@id\":\"https:\\\/\\\/www.serafimaint.com\\\/de\\\/sommerfest-an-unserem-neuen-standort-in-gaildorf\\\/\"},\"author\":{\"name\":\"Stephan\",\"@id\":\"https:\\\/\\\/www.serafimaint.com\\\/de\\\/#\\\/schema\\\/person\\\/8a2aacb8d416beb0bd9b365ae9b563c5\"},\"headline\":\"Sommerfest an unserem neuen Standort in Gaildorf!\",\"datePublished\":\"2024-10-12T11:34:00+00:00\",\"dateModified\":\"2025-10-17T18:58:42+00:00\",\"mainEntityOfPage\":{\"@id\":\"https:\\\/\\\/www.serafimaint.com\\\/de\\\/sommerfest-an-unserem-neuen-standort-in-gaildorf\\\/\"},\"wordCount\":146,\"publisher\":{\"@id\":\"https:\\\/\\\/www.serafimaint.com\\\/de\\\/#organization\"},\"image\":{\"@id\":\"https:\\\/\\\/www.serafimaint.com\\\/de\\\/sommerfest-an-unserem-neuen-standort-in-gaildorf\\\/#primaryimage\"},\"thumbnailUrl\":\"https:\\\/\\\/www.serafimaint.com\\\/wp-content\\\/uploads\\\/2024\\\/11\\\/20241011_210133-rotated.jpg\",\"articleSection\":[\"Gesch\u00e4ft\",\"Nachrichten\"],\"inLanguage\":\"de\"},{\"@type\":\"WebPage\",\"@id\":\"https:\\\/\\\/www.serafimaint.com\\\/de\\\/sommerfest-an-unserem-neuen-standort-in-gaildorf\\\/\",\"url\":\"https:\\\/\\\/www.serafimaint.com\\\/de\\\/sommerfest-an-unserem-neuen-standort-in-gaildorf\\\/\",\"name\":\"Sommerfest an unserem neuen Standort in Gaildorf! - Serafima\",\"isPartOf\":{\"@id\":\"https:\\\/\\\/www.serafimaint.com\\\/de\\\/#website\"},\"primaryImageOfPage\":{\"@id\":\"https:\\\/\\\/www.serafimaint.com\\\/de\\\/sommerfest-an-unserem-neuen-standort-in-gaildorf\\\/#primaryimage\"},\"image\":{\"@id\":\"https:\\\/\\\/www.serafimaint.com\\\/de\\\/sommerfest-an-unserem-neuen-standort-in-gaildorf\\\/#primaryimage\"},\"thumbnailUrl\":\"https:\\\/\\\/www.serafimaint.com\\\/wp-content\\\/uploads\\\/2024\\\/11\\\/20241011_210133-rotated.jpg\",\"datePublished\":\"2024-10-12T11:34:00+00:00\",\"dateModified\":\"2025-10-17T18:58:42+00:00\",\"breadcrumb\":{\"@id\":\"https:\\\/\\\/www.serafimaint.com\\\/de\\\/sommerfest-an-unserem-neuen-standort-in-gaildorf\\\/#breadcrumb\"},\"inLanguage\":\"de\",\"potentialAction\":[{\"@type\":\"ReadAction\",\"target\":[\"https:\\\/\\\/www.serafimaint.com\\\/de\\\/sommerfest-an-unserem-neuen-standort-in-gaildorf\\\/\"]}]},{\"@type\":\"ImageObject\",\"inLanguage\":\"de\",\"@id\":\"https:\\\/\\\/www.serafimaint.com\\\/de\\\/sommerfest-an-unserem-neuen-standort-in-gaildorf\\\/#primaryimage\",\"url\":\"https:\\\/\\\/www.serafimaint.com\\\/wp-content\\\/uploads\\\/2024\\\/11\\\/20241011_210133-rotated.jpg\",\"contentUrl\":\"https:\\\/\\\/www.serafimaint.com\\\/wp-content\\\/uploads\\\/2024\\\/11\\\/20241011_210133-rotated.jpg\",\"width\":1126,\"height\":2000},{\"@type\":\"BreadcrumbList\",\"@id\":\"https:\\\/\\\/www.serafimaint.com\\\/de\\\/sommerfest-an-unserem-neuen-standort-in-gaildorf\\\/#breadcrumb\",\"itemListElement\":[{\"@type\":\"ListItem\",\"position\":1,\"name\":\"Home\",\"item\":\"https:\\\/\\\/www.serafimaint.com\\\/de\\\/\"},{\"@type\":\"ListItem\",\"position\":2,\"name\":\"Sommerfest an unserem neuen Standort in Gaildorf!\"}]},{\"@type\":\"WebSite\",\"@id\":\"https:\\\/\\\/www.serafimaint.com\\\/de\\\/#website\",\"url\":\"https:\\\/\\\/www.serafimaint.com\\\/de\\\/\",\"name\":\"Serafima\",\"description\":\"\",\"publisher\":{\"@id\":\"https:\\\/\\\/www.serafimaint.com\\\/de\\\/#organization\"},\"potentialAction\":[{\"@type\":\"SearchAction\",\"target\":{\"@type\":\"EntryPoint\",\"urlTemplate\":\"https:\\\/\\\/www.serafimaint.com\\\/de\\\/?s={search_term_string}\"},\"query-input\":{\"@type\":\"PropertyValueSpecification\",\"valueRequired\":true,\"valueName\":\"search_term_string\"}}],\"inLanguage\":\"de\"},{\"@type\":\"Organization\",\"@id\":\"https:\\\/\\\/www.serafimaint.com\\\/de\\\/#organization\",\"name\":\"Serafima\",\"url\":\"https:\\\/\\\/www.serafimaint.com\\\/de\\\/\",\"logo\":{\"@type\":\"ImageObject\",\"inLanguage\":\"de\",\"@id\":\"https:\\\/\\\/www.serafimaint.com\\\/de\\\/#\\\/schema\\\/logo\\\/image\\\/\",\"url\":\"https:\\\/\\\/www.serafimaint.com\\\/wp-content\\\/uploads\\\/2024\\\/04\\\/logo300.png\",\"contentUrl\":\"https:\\\/\\\/www.serafimaint.com\\\/wp-content\\\/uploads\\\/2024\\\/04\\\/logo300.png\",\"width\":300,\"height\":82,\"caption\":\"Serafima\"},\"image\":{\"@id\":\"https:\\\/\\\/www.serafimaint.com\\\/de\\\/#\\\/schema\\\/logo\\\/image\\\/\"},\"sameAs\":[\"https:\\\/\\\/www.facebook.com\\\/serafimaservice\",\"https:\\\/\\\/www.xing.com\\\/pages\\\/serafimagmbh-co-kg\",\"https:\\\/\\\/www.linkedin.com\\\/company\\\/53425691\"]},{\"@type\":\"Person\",\"@id\":\"https:\\\/\\\/www.serafimaint.com\\\/de\\\/#\\\/schema\\\/person\\\/8a2aacb8d416beb0bd9b365ae9b563c5\",\"name\":\"Stephan\",\"image\":{\"@type\":\"ImageObject\",\"inLanguage\":\"de\",\"@id\":\"https:\\\/\\\/secure.gravatar.com\\\/avatar\\\/8b1069f1040fbac0f86196e1710f1be023d8a8feed96772631d3f0868fda0e11?s=96&d=mm&r=g\",\"url\":\"https:\\\/\\\/secure.gravatar.com\\\/avatar\\\/8b1069f1040fbac0f86196e1710f1be023d8a8feed96772631d3f0868fda0e11?s=96&d=mm&r=g\",\"contentUrl\":\"https:\\\/\\\/secure.gravatar.com\\\/avatar\\\/8b1069f1040fbac0f86196e1710f1be023d8a8feed96772631d3f0868fda0e11?s=96&d=mm&r=g\",\"caption\":\"Stephan\"}}]}<\/script>\n<!-- \/ Yoast SEO plugin. -->","yoast_head_json":{"title":"Sommerfest an unserem neuen Standort in Gaildorf! - Serafima","robots":{"index":"index","follow":"follow","max-snippet":"max-snippet:-1","max-image-preview":"max-image-preview:large","max-video-preview":"max-video-preview:-1"},"canonical":"https:\/\/www.serafimaint.com\/de\/sommerfest-an-unserem-neuen-standort-in-gaildorf\/","og_locale":"de_DE","og_type":"article","og_title":"Sommerfest an unserem neuen Standort in Gaildorf! - Serafima","og_description":"Wir freuen uns, bekanntzugeben, dass unser erstes Sommerfest am neuen Standort in Gaildorf ein gro\u00dfer Erfolg war! Das Event bot ein fantastisches Barbecue mit einer riesigen Salatbar, eine beeindruckende Auswahl...","og_url":"https:\/\/www.serafimaint.com\/de\/sommerfest-an-unserem-neuen-standort-in-gaildorf\/","og_site_name":"Serafima","article_publisher":"https:\/\/www.facebook.com\/serafimaservice","article_published_time":"2024-10-12T11:34:00+00:00","article_modified_time":"2025-10-17T18:58:42+00:00","og_image":[{"width":1126,"height":2000,"url":"https:\/\/www.serafimaint.com\/wp-content\/uploads\/2024\/11\/20241011_210133-rotated.jpg","type":"image\/jpeg"}],"author":"Stephan","twitter_card":"summary_large_image","twitter_misc":{"Verfasst von":"Stephan","Gesch\u00e4tzte Lesezeit":"1\u00a0Minute"},"schema":{"@context":"https:\/\/schema.org","@graph":[{"@type":"Article","@id":"https:\/\/www.serafimaint.com\/de\/sommerfest-an-unserem-neuen-standort-in-gaildorf\/#article","isPartOf":{"@id":"https:\/\/www.serafimaint.com\/de\/sommerfest-an-unserem-neuen-standort-in-gaildorf\/"},"author":{"name":"Stephan","@id":"https:\/\/www.serafimaint.com\/de\/#\/schema\/person\/8a2aacb8d416beb0bd9b365ae9b563c5"},"headline":"Sommerfest an unserem neuen Standort in Gaildorf!","datePublished":"2024-10-12T11:34:00+00:00","dateModified":"2025-10-17T18:58:42+00:00","mainEntityOfPage":{"@id":"https:\/\/www.serafimaint.com\/de\/sommerfest-an-unserem-neuen-standort-in-gaildorf\/"},"wordCount":146,"publisher":{"@id":"https:\/\/www.serafimaint.com\/de\/#organization"},"image":{"@id":"https:\/\/www.serafimaint.com\/de\/sommerfest-an-unserem-neuen-standort-in-gaildorf\/#primaryimage"},"thumbnailUrl":"https:\/\/www.serafimaint.com\/wp-content\/uploads\/2024\/11\/20241011_210133-rotated.jpg","articleSection":["Gesch\u00e4ft","Nachrichten"],"inLanguage":"de"},{"@type":"WebPage","@id":"https:\/\/www.serafimaint.com\/de\/sommerfest-an-unserem-neuen-standort-in-gaildorf\/","url":"https:\/\/www.serafimaint.com\/de\/sommerfest-an-unserem-neuen-standort-in-gaildorf\/","name":"Sommerfest an unserem neuen Standort in Gaildorf! - Serafima","isPartOf":{"@id":"https:\/\/www.serafimaint.com\/de\/#website"},"primaryImageOfPage":{"@id":"https:\/\/www.serafimaint.com\/de\/sommerfest-an-unserem-neuen-standort-in-gaildorf\/#primaryimage"},"image":{"@id":"https:\/\/www.serafimaint.com\/de\/sommerfest-an-unserem-neuen-standort-in-gaildorf\/#primaryimage"},"thumbnailUrl":"https:\/\/www.serafimaint.com\/wp-content\/uploads\/2024\/11\/20241011_210133-rotated.jpg","datePublished":"2024-10-12T11:34:00+00:00","dateModified":"2025-10-17T18:58:42+00:00","breadcrumb":{"@id":"https:\/\/www.serafimaint.com\/de\/sommerfest-an-unserem-neuen-standort-in-gaildorf\/#breadcrumb"},"inLanguage":"de","potentialAction":[{"@type":"ReadAction","target":["https:\/\/www.serafimaint.com\/de\/sommerfest-an-unserem-neuen-standort-in-gaildorf\/"]}]},{"@type":"ImageObject","inLanguage":"de","@id":"https:\/\/www.serafimaint.com\/de\/sommerfest-an-unserem-neuen-standort-in-gaildorf\/#primaryimage","url":"https:\/\/www.serafimaint.com\/wp-content\/uploads\/2024\/11\/20241011_210133-rotated.jpg","contentUrl":"https:\/\/www.serafimaint.com\/wp-content\/uploads\/2024\/11\/20241011_210133-rotated.jpg","width":1126,"height":2000},{"@type":"BreadcrumbList","@id":"https:\/\/www.serafimaint.com\/de\/sommerfest-an-unserem-neuen-standort-in-gaildorf\/#breadcrumb","itemListElement":[{"@type":"ListItem","position":1,"name":"Home","item":"https:\/\/www.serafimaint.com\/de\/"},{"@type":"ListItem","position":2,"name":"Sommerfest an unserem neuen Standort in Gaildorf!"}]},{"@type":"WebSite","@id":"https:\/\/www.serafimaint.com\/de\/#website","url":"https:\/\/www.serafimaint.com\/de\/","name":"Serafima","description":"","publisher":{"@id":"https:\/\/www.serafimaint.com\/de\/#organization"},"potentialAction":[{"@type":"SearchAction","target":{"@type":"EntryPoint","urlTemplate":"https:\/\/www.serafimaint.com\/de\/?s={search_term_string}"},"query-input":{"@type":"PropertyValueSpecification","valueRequired":true,"valueName":"search_term_string"}}],"inLanguage":"de"},{"@type":"Organization","@id":"https:\/\/www.serafimaint.com\/de\/#organization","name":"Serafima","url":"https:\/\/www.serafimaint.com\/de\/","logo":{"@type":"ImageObject","inLanguage":"de","@id":"https:\/\/www.serafimaint.com\/de\/#\/schema\/logo\/image\/","url":"https:\/\/www.serafimaint.com\/wp-content\/uploads\/2024\/04\/logo300.png","contentUrl":"https:\/\/www.serafimaint.com\/wp-content\/uploads\/2024\/04\/logo300.png","width":300,"height":82,"caption":"Serafima"},"image":{"@id":"https:\/\/www.serafimaint.com\/de\/#\/schema\/logo\/image\/"},"sameAs":["https:\/\/www.facebook.com\/serafimaservice","https:\/\/www.xing.com\/pages\/serafimagmbh-co-kg","https:\/\/www.linkedin.com\/company\/53425691"]},{"@type":"Person","@id":"https:\/\/www.serafimaint.com\/de\/#\/schema\/person\/8a2aacb8d416beb0bd9b365ae9b563c5","name":"Stephan","image":{"@type":"ImageObject","inLanguage":"de","@id":"https:\/\/secure.gravatar.com\/avatar\/8b1069f1040fbac0f86196e1710f1be023d8a8feed96772631d3f0868fda0e11?s=96&d=mm&r=g","url":"https:\/\/secure.gravatar.com\/avatar\/8b1069f1040fbac0f86196e1710f1be023d8a8feed96772631d3f0868fda0e11?s=96&d=mm&r=g","contentUrl":"https:\/\/secure.gravatar.com\/avatar\/8b1069f1040fbac0f86196e1710f1be023d8a8feed96772631d3f0868fda0e11?s=96&d=mm&r=g","caption":"Stephan"}}]}},"jetpack_featured_media_url":"https:\/\/www.serafimaint.com\/wp-content\/uploads\/2024\/11\/20241011_210133-rotated.jpg","jetpack_sharing_enabled":true,"_links":{"self":[{"href":"https:\/\/www.serafimaint.com\/de\/wp-json\/wp\/v2\/posts\/990762","targetHints":{"allow":["GET"]}}],"collection":[{"href":"https:\/\/www.serafimaint.com\/de\/wp-json\/wp\/v2\/posts"}],"about":[{"href":"https:\/\/www.serafimaint.com\/de\/wp-json\/wp\/v2\/types\/post"}],"author":[{"embeddable":true,"href":"https:\/\/www.serafimaint.com\/de\/wp-json\/wp\/v2\/users\/3"}],"replies":[{"embeddable":true,"href":"https:\/\/www.serafimaint.com\/de\/wp-json\/wp\/v2\/comments?post=990762"}],"version-history":[{"count":3,"href":"https:\/\/www.serafimaint.com\/de\/wp-json\/wp\/v2\/posts\/990762\/revisions"}],"predecessor-version":[{"id":991880,"href":"https:\/\/www.serafimaint.com\/de\/wp-json\/wp\/v2\/posts\/990762\/revisions\/991880"}],"wp:featuredmedia":[{"embeddable":true,"href":"https:\/\/www.serafimaint.com\/de\/wp-json\/wp\/v2\/media\/990436"}],"wp:attachment":[{"href":"https:\/\/www.serafimaint.com\/de\/wp-json\/wp\/v2\/media?parent=990762"}],"wp:term":[{"taxonomy":"category","embeddable":true,"href":"https:\/\/www.serafimaint.com\/de\/wp-json\/wp\/v2\/categories?post=990762"},{"taxonomy":"post_tag","embeddable":true,"href":"https:\/\/www.serafimaint.com\/de\/wp-json\/wp\/v2\/tags?post=990762"}],"curies":[{"name":"wp","href":"https:\/\/api.w.org\/{rel}","templated":true}]}}