{"id":991746,"date":"2025-07-23T14:05:24","date_gmt":"2025-07-23T13:05:24","guid":{"rendered":"https:\/\/www.serafimaint.com\/serafima-sommerfest-2025-vielen-dank-fuer-diesen-wunderbaren-tag\/"},"modified":"2025-10-17T19:45:56","modified_gmt":"2025-10-17T18:45:56","slug":"serafima-sommerfest-2025-vielen-dank-fuer-diesen-wunderbaren-tag","status":"publish","type":"post","link":"https:\/\/www.serafimaint.com\/de\/serafima-sommerfest-2025-vielen-dank-fuer-diesen-wunderbaren-tag\/","title":{"rendered":"Serafima Sommerfest 2025 &#8211; Vielen Dank f\u00fcr diesen wunderbaren Tag!"},"content":{"rendered":"<div class=\"vgblk-rw-wrapper limit-wrapper\">\n\n\t\t<p><strong>Wir m\u00f6chten uns bei Ihnen f\u00fcr ein rundum gelungenes Sommerfest bedanken.<\/strong><\/p>\nMit Sonnenschein, gutem Essen und<br \/>\nvielen tollen Gespr\u00e4chen konnten wir gemeinsam den &#8222;Garten&#8220; unseres neuen Standorts einweihen.<br \/>\nOb am Grillbuffet, an der Bar oder bei den Spielen &#8211; es war toll, so viele von Ihnen in einer entspannten Atmosph\u00e4re zu sehen.<br \/>\nEin besonderer Dank geht an alle, die bei der Organisation geholfen haben &#8211; und nat\u00fcrlich an alle G\u00e4ste, die den Tag so besonders gemacht haben.\nWir freuen uns schon auf die n\u00e4chste Party mit Ihnen!<br \/>\nMit freundlichen Gr\u00fc\u00dfen &#8211; Ihr Serafima-Team\n<p><strong>23.07.2025<\/strong><\/p>\n\t\t\t\t\t\t\t<img loading=\"lazy\" decoding=\"async\" src=\"https:\/\/www.serafimaint.com\/wp-content\/uploads\/2025\/07\/Sommerfest_2025_1.jpg\" alt=\"Sommerfest_2025_1\" itemprop=\"image\" height=\"441\" width=\"442\" title=\"Sommerfest_2025_1\" onerror=\"this.style.display='none'\"  sizes=\"auto, (max-width: 768px) 100vw, 100vw\" srcset=\"https:\/\/www.serafimaint.com\/wp-content\/uploads\/2025\/07\/Sommerfest_2025_1.jpg 442w, https:\/\/www.serafimaint.com\/wp-content\/uploads\/2025\/07\/Sommerfest_2025_1-300x300.jpg 300w, https:\/\/www.serafimaint.com\/wp-content\/uploads\/2025\/07\/Sommerfest_2025_1-150x150.jpg 150w, https:\/\/www.serafimaint.com\/wp-content\/uploads\/2025\/07\/Sommerfest_2025_1-420x419.jpg 420w, https:\/\/www.serafimaint.com\/wp-content\/uploads\/2025\/07\/Sommerfest_2025_1-315x314.jpg 315w, https:\/\/www.serafimaint.com\/wp-content\/uploads\/2025\/07\/Sommerfest_2025_1-100x100.jpg 100w\" \/>\t\t\t\t\t\t\t\n\t\t\t\t\t\t\t<img loading=\"lazy\" decoding=\"async\" src=\"https:\/\/www.serafimaint.com\/wp-content\/uploads\/2025\/07\/Sommerfest_2025_2.jpg\" alt=\"Sommerfest_2025_2\" itemprop=\"image\" height=\"439\" width=\"440\" title=\"Sommerfest_2025_2\" onerror=\"this.style.display='none'\"  sizes=\"auto, (max-width: 768px) 100vw, 100vw\" srcset=\"https:\/\/www.serafimaint.com\/wp-content\/uploads\/2025\/07\/Sommerfest_2025_2.jpg 440w, https:\/\/www.serafimaint.com\/wp-content\/uploads\/2025\/07\/Sommerfest_2025_2-300x300.jpg 300w, https:\/\/www.serafimaint.com\/wp-content\/uploads\/2025\/07\/Sommerfest_2025_2-150x150.jpg 150w, https:\/\/www.serafimaint.com\/wp-content\/uploads\/2025\/07\/Sommerfest_2025_2-420x419.jpg 420w, https:\/\/www.serafimaint.com\/wp-content\/uploads\/2025\/07\/Sommerfest_2025_2-315x314.jpg 315w, https:\/\/www.serafimaint.com\/wp-content\/uploads\/2025\/07\/Sommerfest_2025_2-100x100.jpg 100w\" \/>\t\t\t\t\t\t\t\n\t\t\t\t\t\t\t<img loading=\"lazy\" decoding=\"async\" src=\"https:\/\/www.serafimaint.com\/wp-content\/uploads\/2025\/07\/Sommerfest_2025_3.jpg\" alt=\"Sommerfest_2025_3\" itemprop=\"image\" height=\"439\" width=\"440\" title=\"Sommerfest_2025_3\" onerror=\"this.style.display='none'\"  sizes=\"auto, (max-width: 768px) 100vw, 100vw\" srcset=\"https:\/\/www.serafimaint.com\/wp-content\/uploads\/2025\/07\/Sommerfest_2025_3.jpg 440w, https:\/\/www.serafimaint.com\/wp-content\/uploads\/2025\/07\/Sommerfest_2025_3-300x300.jpg 300w, https:\/\/www.serafimaint.com\/wp-content\/uploads\/2025\/07\/Sommerfest_2025_3-150x150.jpg 150w, https:\/\/www.serafimaint.com\/wp-content\/uploads\/2025\/07\/Sommerfest_2025_3-420x419.jpg 420w, https:\/\/www.serafimaint.com\/wp-content\/uploads\/2025\/07\/Sommerfest_2025_3-315x314.jpg 315w, https:\/\/www.serafimaint.com\/wp-content\/uploads\/2025\/07\/Sommerfest_2025_3-100x100.jpg 100w\" \/>\t\t\t\t\t\t\t\n\n<\/div><!-- .vgblk-rw-wrapper -->","protected":false},"excerpt":{"rendered":"<p>Wir m\u00f6chten uns bei Ihnen f\u00fcr ein rundum gelungenes Sommerfest bedanken. Mit Sonnenschein, gutem Essen und vielen tollen Gespr\u00e4chen konnten wir gemeinsam den &#8222;Garten&#8220; unseres neuen Standorts einweihen. Ob am&#8230;<\/p>\n","protected":false},"author":3,"featured_media":991742,"comment_status":"closed","ping_status":"open","sticky":false,"template":"","format":"standard","meta":{"inline_featured_image":false,"_jetpack_memberships_contains_paid_content":false,"footnotes":""},"categories":[102],"tags":[],"class_list":["post-991746","post","type-post","status-publish","format-standard","has-post-thumbnail","hentry","category-nachrichten"],"yoast_head":"<!-- This site is optimized with the Yoast SEO plugin v27.5 - https:\/\/yoast.com\/product\/yoast-seo-wordpress\/ -->\n<title>Serafima Sommerfest 2025 - Vielen Dank f\u00fcr diesen wunderbaren Tag! - Serafima<\/title>\n<meta name=\"robots\" content=\"index, follow, max-snippet:-1, max-image-preview:large, max-video-preview:-1\" \/>\n<link rel=\"canonical\" href=\"https:\/\/www.serafimaint.com\/de\/serafima-sommerfest-2025-vielen-dank-fuer-diesen-wunderbaren-tag\/\" \/>\n<meta property=\"og:locale\" content=\"de_DE\" \/>\n<meta property=\"og:type\" content=\"article\" \/>\n<meta property=\"og:title\" content=\"Serafima Sommerfest 2025 - Vielen Dank f\u00fcr diesen wunderbaren Tag! - Serafima\" \/>\n<meta property=\"og:description\" content=\"Wir m\u00f6chten uns bei Ihnen f\u00fcr ein rundum gelungenes Sommerfest bedanken. Mit Sonnenschein, gutem Essen und vielen tollen Gespr\u00e4chen konnten wir gemeinsam den &#8222;Garten&#8220; unseres neuen Standorts einweihen. Ob am...\" \/>\n<meta property=\"og:url\" content=\"https:\/\/www.serafimaint.com\/de\/serafima-sommerfest-2025-vielen-dank-fuer-diesen-wunderbaren-tag\/\" \/>\n<meta property=\"og:site_name\" content=\"Serafima\" \/>\n<meta property=\"article:publisher\" content=\"https:\/\/www.facebook.com\/serafimaservice\" \/>\n<meta property=\"article:published_time\" content=\"2025-07-23T13:05:24+00:00\" \/>\n<meta property=\"article:modified_time\" content=\"2025-10-17T18:45:56+00:00\" \/>\n<meta property=\"og:image\" content=\"https:\/\/www.serafimaint.com\/wp-content\/uploads\/2025\/07\/Sommerfest_2025_3.jpg\" \/>\n\t<meta property=\"og:image:width\" content=\"440\" \/>\n\t<meta property=\"og:image:height\" content=\"439\" \/>\n\t<meta property=\"og:image:type\" content=\"image\/jpeg\" \/>\n<meta name=\"author\" content=\"Stephan\" \/>\n<meta name=\"twitter:card\" content=\"summary_large_image\" \/>\n<meta name=\"twitter:label1\" content=\"Verfasst von\" \/>\n\t<meta name=\"twitter:data1\" content=\"Stephan\" \/>\n\t<meta name=\"twitter:label2\" content=\"Gesch\u00e4tzte Lesezeit\" \/>\n\t<meta name=\"twitter:data2\" content=\"1\u00a0Minute\" \/>\n<script type=\"application\/ld+json\" class=\"yoast-schema-graph\">{\"@context\":\"https:\\\/\\\/schema.org\",\"@graph\":[{\"@type\":\"Article\",\"@id\":\"https:\\\/\\\/www.serafimaint.com\\\/de\\\/serafima-sommerfest-2025-vielen-dank-fuer-diesen-wunderbaren-tag\\\/#article\",\"isPartOf\":{\"@id\":\"https:\\\/\\\/www.serafimaint.com\\\/de\\\/serafima-sommerfest-2025-vielen-dank-fuer-diesen-wunderbaren-tag\\\/\"},\"author\":{\"name\":\"Stephan\",\"@id\":\"https:\\\/\\\/www.serafimaint.com\\\/de\\\/#\\\/schema\\\/person\\\/8a2aacb8d416beb0bd9b365ae9b563c5\"},\"headline\":\"Serafima Sommerfest 2025 &#8211; Vielen Dank f\u00fcr diesen wunderbaren Tag!\",\"datePublished\":\"2025-07-23T13:05:24+00:00\",\"dateModified\":\"2025-10-17T18:45:56+00:00\",\"mainEntityOfPage\":{\"@id\":\"https:\\\/\\\/www.serafimaint.com\\\/de\\\/serafima-sommerfest-2025-vielen-dank-fuer-diesen-wunderbaren-tag\\\/\"},\"wordCount\":111,\"publisher\":{\"@id\":\"https:\\\/\\\/www.serafimaint.com\\\/de\\\/#organization\"},\"image\":{\"@id\":\"https:\\\/\\\/www.serafimaint.com\\\/de\\\/serafima-sommerfest-2025-vielen-dank-fuer-diesen-wunderbaren-tag\\\/#primaryimage\"},\"thumbnailUrl\":\"https:\\\/\\\/www.serafimaint.com\\\/wp-content\\\/uploads\\\/2025\\\/07\\\/Sommerfest_2025_3.jpg\",\"articleSection\":[\"Nachrichten\"],\"inLanguage\":\"de\"},{\"@type\":\"WebPage\",\"@id\":\"https:\\\/\\\/www.serafimaint.com\\\/de\\\/serafima-sommerfest-2025-vielen-dank-fuer-diesen-wunderbaren-tag\\\/\",\"url\":\"https:\\\/\\\/www.serafimaint.com\\\/de\\\/serafima-sommerfest-2025-vielen-dank-fuer-diesen-wunderbaren-tag\\\/\",\"name\":\"Serafima Sommerfest 2025 - Vielen Dank f\u00fcr diesen wunderbaren Tag! - Serafima\",\"isPartOf\":{\"@id\":\"https:\\\/\\\/www.serafimaint.com\\\/de\\\/#website\"},\"primaryImageOfPage\":{\"@id\":\"https:\\\/\\\/www.serafimaint.com\\\/de\\\/serafima-sommerfest-2025-vielen-dank-fuer-diesen-wunderbaren-tag\\\/#primaryimage\"},\"image\":{\"@id\":\"https:\\\/\\\/www.serafimaint.com\\\/de\\\/serafima-sommerfest-2025-vielen-dank-fuer-diesen-wunderbaren-tag\\\/#primaryimage\"},\"thumbnailUrl\":\"https:\\\/\\\/www.serafimaint.com\\\/wp-content\\\/uploads\\\/2025\\\/07\\\/Sommerfest_2025_3.jpg\",\"datePublished\":\"2025-07-23T13:05:24+00:00\",\"dateModified\":\"2025-10-17T18:45:56+00:00\",\"breadcrumb\":{\"@id\":\"https:\\\/\\\/www.serafimaint.com\\\/de\\\/serafima-sommerfest-2025-vielen-dank-fuer-diesen-wunderbaren-tag\\\/#breadcrumb\"},\"inLanguage\":\"de\",\"potentialAction\":[{\"@type\":\"ReadAction\",\"target\":[\"https:\\\/\\\/www.serafimaint.com\\\/de\\\/serafima-sommerfest-2025-vielen-dank-fuer-diesen-wunderbaren-tag\\\/\"]}]},{\"@type\":\"ImageObject\",\"inLanguage\":\"de\",\"@id\":\"https:\\\/\\\/www.serafimaint.com\\\/de\\\/serafima-sommerfest-2025-vielen-dank-fuer-diesen-wunderbaren-tag\\\/#primaryimage\",\"url\":\"https:\\\/\\\/www.serafimaint.com\\\/wp-content\\\/uploads\\\/2025\\\/07\\\/Sommerfest_2025_3.jpg\",\"contentUrl\":\"https:\\\/\\\/www.serafimaint.com\\\/wp-content\\\/uploads\\\/2025\\\/07\\\/Sommerfest_2025_3.jpg\",\"width\":440,\"height\":439},{\"@type\":\"BreadcrumbList\",\"@id\":\"https:\\\/\\\/www.serafimaint.com\\\/de\\\/serafima-sommerfest-2025-vielen-dank-fuer-diesen-wunderbaren-tag\\\/#breadcrumb\",\"itemListElement\":[{\"@type\":\"ListItem\",\"position\":1,\"name\":\"Home\",\"item\":\"https:\\\/\\\/www.serafimaint.com\\\/de\\\/\"},{\"@type\":\"ListItem\",\"position\":2,\"name\":\"Serafima Sommerfest 2025 &#8211; Vielen Dank f\u00fcr diesen wunderbaren Tag!\"}]},{\"@type\":\"WebSite\",\"@id\":\"https:\\\/\\\/www.serafimaint.com\\\/de\\\/#website\",\"url\":\"https:\\\/\\\/www.serafimaint.com\\\/de\\\/\",\"name\":\"Serafima\",\"description\":\"\",\"publisher\":{\"@id\":\"https:\\\/\\\/www.serafimaint.com\\\/de\\\/#organization\"},\"potentialAction\":[{\"@type\":\"SearchAction\",\"target\":{\"@type\":\"EntryPoint\",\"urlTemplate\":\"https:\\\/\\\/www.serafimaint.com\\\/de\\\/?s={search_term_string}\"},\"query-input\":{\"@type\":\"PropertyValueSpecification\",\"valueRequired\":true,\"valueName\":\"search_term_string\"}}],\"inLanguage\":\"de\"},{\"@type\":\"Organization\",\"@id\":\"https:\\\/\\\/www.serafimaint.com\\\/de\\\/#organization\",\"name\":\"Serafima\",\"url\":\"https:\\\/\\\/www.serafimaint.com\\\/de\\\/\",\"logo\":{\"@type\":\"ImageObject\",\"inLanguage\":\"de\",\"@id\":\"https:\\\/\\\/www.serafimaint.com\\\/de\\\/#\\\/schema\\\/logo\\\/image\\\/\",\"url\":\"https:\\\/\\\/www.serafimaint.com\\\/wp-content\\\/uploads\\\/2024\\\/04\\\/logo300.png\",\"contentUrl\":\"https:\\\/\\\/www.serafimaint.com\\\/wp-content\\\/uploads\\\/2024\\\/04\\\/logo300.png\",\"width\":300,\"height\":82,\"caption\":\"Serafima\"},\"image\":{\"@id\":\"https:\\\/\\\/www.serafimaint.com\\\/de\\\/#\\\/schema\\\/logo\\\/image\\\/\"},\"sameAs\":[\"https:\\\/\\\/www.facebook.com\\\/serafimaservice\",\"https:\\\/\\\/www.xing.com\\\/pages\\\/serafimagmbh-co-kg\",\"https:\\\/\\\/www.linkedin.com\\\/company\\\/53425691\"]},{\"@type\":\"Person\",\"@id\":\"https:\\\/\\\/www.serafimaint.com\\\/de\\\/#\\\/schema\\\/person\\\/8a2aacb8d416beb0bd9b365ae9b563c5\",\"name\":\"Stephan\",\"image\":{\"@type\":\"ImageObject\",\"inLanguage\":\"de\",\"@id\":\"https:\\\/\\\/secure.gravatar.com\\\/avatar\\\/8b1069f1040fbac0f86196e1710f1be023d8a8feed96772631d3f0868fda0e11?s=96&d=mm&r=g\",\"url\":\"https:\\\/\\\/secure.gravatar.com\\\/avatar\\\/8b1069f1040fbac0f86196e1710f1be023d8a8feed96772631d3f0868fda0e11?s=96&d=mm&r=g\",\"contentUrl\":\"https:\\\/\\\/secure.gravatar.com\\\/avatar\\\/8b1069f1040fbac0f86196e1710f1be023d8a8feed96772631d3f0868fda0e11?s=96&d=mm&r=g\",\"caption\":\"Stephan\"}}]}<\/script>\n<!-- \/ Yoast SEO plugin. -->","yoast_head_json":{"title":"Serafima Sommerfest 2025 - Vielen Dank f\u00fcr diesen wunderbaren Tag! - Serafima","robots":{"index":"index","follow":"follow","max-snippet":"max-snippet:-1","max-image-preview":"max-image-preview:large","max-video-preview":"max-video-preview:-1"},"canonical":"https:\/\/www.serafimaint.com\/de\/serafima-sommerfest-2025-vielen-dank-fuer-diesen-wunderbaren-tag\/","og_locale":"de_DE","og_type":"article","og_title":"Serafima Sommerfest 2025 - Vielen Dank f\u00fcr diesen wunderbaren Tag! - Serafima","og_description":"Wir m\u00f6chten uns bei Ihnen f\u00fcr ein rundum gelungenes Sommerfest bedanken. Mit Sonnenschein, gutem Essen und vielen tollen Gespr\u00e4chen konnten wir gemeinsam den &#8222;Garten&#8220; unseres neuen Standorts einweihen. Ob am...","og_url":"https:\/\/www.serafimaint.com\/de\/serafima-sommerfest-2025-vielen-dank-fuer-diesen-wunderbaren-tag\/","og_site_name":"Serafima","article_publisher":"https:\/\/www.facebook.com\/serafimaservice","article_published_time":"2025-07-23T13:05:24+00:00","article_modified_time":"2025-10-17T18:45:56+00:00","og_image":[{"width":440,"height":439,"url":"https:\/\/www.serafimaint.com\/wp-content\/uploads\/2025\/07\/Sommerfest_2025_3.jpg","type":"image\/jpeg"}],"author":"Stephan","twitter_card":"summary_large_image","twitter_misc":{"Verfasst von":"Stephan","Gesch\u00e4tzte Lesezeit":"1\u00a0Minute"},"schema":{"@context":"https:\/\/schema.org","@graph":[{"@type":"Article","@id":"https:\/\/www.serafimaint.com\/de\/serafima-sommerfest-2025-vielen-dank-fuer-diesen-wunderbaren-tag\/#article","isPartOf":{"@id":"https:\/\/www.serafimaint.com\/de\/serafima-sommerfest-2025-vielen-dank-fuer-diesen-wunderbaren-tag\/"},"author":{"name":"Stephan","@id":"https:\/\/www.serafimaint.com\/de\/#\/schema\/person\/8a2aacb8d416beb0bd9b365ae9b563c5"},"headline":"Serafima Sommerfest 2025 &#8211; Vielen Dank f\u00fcr diesen wunderbaren Tag!","datePublished":"2025-07-23T13:05:24+00:00","dateModified":"2025-10-17T18:45:56+00:00","mainEntityOfPage":{"@id":"https:\/\/www.serafimaint.com\/de\/serafima-sommerfest-2025-vielen-dank-fuer-diesen-wunderbaren-tag\/"},"wordCount":111,"publisher":{"@id":"https:\/\/www.serafimaint.com\/de\/#organization"},"image":{"@id":"https:\/\/www.serafimaint.com\/de\/serafima-sommerfest-2025-vielen-dank-fuer-diesen-wunderbaren-tag\/#primaryimage"},"thumbnailUrl":"https:\/\/www.serafimaint.com\/wp-content\/uploads\/2025\/07\/Sommerfest_2025_3.jpg","articleSection":["Nachrichten"],"inLanguage":"de"},{"@type":"WebPage","@id":"https:\/\/www.serafimaint.com\/de\/serafima-sommerfest-2025-vielen-dank-fuer-diesen-wunderbaren-tag\/","url":"https:\/\/www.serafimaint.com\/de\/serafima-sommerfest-2025-vielen-dank-fuer-diesen-wunderbaren-tag\/","name":"Serafima Sommerfest 2025 - Vielen Dank f\u00fcr diesen wunderbaren Tag! - Serafima","isPartOf":{"@id":"https:\/\/www.serafimaint.com\/de\/#website"},"primaryImageOfPage":{"@id":"https:\/\/www.serafimaint.com\/de\/serafima-sommerfest-2025-vielen-dank-fuer-diesen-wunderbaren-tag\/#primaryimage"},"image":{"@id":"https:\/\/www.serafimaint.com\/de\/serafima-sommerfest-2025-vielen-dank-fuer-diesen-wunderbaren-tag\/#primaryimage"},"thumbnailUrl":"https:\/\/www.serafimaint.com\/wp-content\/uploads\/2025\/07\/Sommerfest_2025_3.jpg","datePublished":"2025-07-23T13:05:24+00:00","dateModified":"2025-10-17T18:45:56+00:00","breadcrumb":{"@id":"https:\/\/www.serafimaint.com\/de\/serafima-sommerfest-2025-vielen-dank-fuer-diesen-wunderbaren-tag\/#breadcrumb"},"inLanguage":"de","potentialAction":[{"@type":"ReadAction","target":["https:\/\/www.serafimaint.com\/de\/serafima-sommerfest-2025-vielen-dank-fuer-diesen-wunderbaren-tag\/"]}]},{"@type":"ImageObject","inLanguage":"de","@id":"https:\/\/www.serafimaint.com\/de\/serafima-sommerfest-2025-vielen-dank-fuer-diesen-wunderbaren-tag\/#primaryimage","url":"https:\/\/www.serafimaint.com\/wp-content\/uploads\/2025\/07\/Sommerfest_2025_3.jpg","contentUrl":"https:\/\/www.serafimaint.com\/wp-content\/uploads\/2025\/07\/Sommerfest_2025_3.jpg","width":440,"height":439},{"@type":"BreadcrumbList","@id":"https:\/\/www.serafimaint.com\/de\/serafima-sommerfest-2025-vielen-dank-fuer-diesen-wunderbaren-tag\/#breadcrumb","itemListElement":[{"@type":"ListItem","position":1,"name":"Home","item":"https:\/\/www.serafimaint.com\/de\/"},{"@type":"ListItem","position":2,"name":"Serafima Sommerfest 2025 &#8211; Vielen Dank f\u00fcr diesen wunderbaren Tag!"}]},{"@type":"WebSite","@id":"https:\/\/www.serafimaint.com\/de\/#website","url":"https:\/\/www.serafimaint.com\/de\/","name":"Serafima","description":"","publisher":{"@id":"https:\/\/www.serafimaint.com\/de\/#organization"},"potentialAction":[{"@type":"SearchAction","target":{"@type":"EntryPoint","urlTemplate":"https:\/\/www.serafimaint.com\/de\/?s={search_term_string}"},"query-input":{"@type":"PropertyValueSpecification","valueRequired":true,"valueName":"search_term_string"}}],"inLanguage":"de"},{"@type":"Organization","@id":"https:\/\/www.serafimaint.com\/de\/#organization","name":"Serafima","url":"https:\/\/www.serafimaint.com\/de\/","logo":{"@type":"ImageObject","inLanguage":"de","@id":"https:\/\/www.serafimaint.com\/de\/#\/schema\/logo\/image\/","url":"https:\/\/www.serafimaint.com\/wp-content\/uploads\/2024\/04\/logo300.png","contentUrl":"https:\/\/www.serafimaint.com\/wp-content\/uploads\/2024\/04\/logo300.png","width":300,"height":82,"caption":"Serafima"},"image":{"@id":"https:\/\/www.serafimaint.com\/de\/#\/schema\/logo\/image\/"},"sameAs":["https:\/\/www.facebook.com\/serafimaservice","https:\/\/www.xing.com\/pages\/serafimagmbh-co-kg","https:\/\/www.linkedin.com\/company\/53425691"]},{"@type":"Person","@id":"https:\/\/www.serafimaint.com\/de\/#\/schema\/person\/8a2aacb8d416beb0bd9b365ae9b563c5","name":"Stephan","image":{"@type":"ImageObject","inLanguage":"de","@id":"https:\/\/secure.gravatar.com\/avatar\/8b1069f1040fbac0f86196e1710f1be023d8a8feed96772631d3f0868fda0e11?s=96&d=mm&r=g","url":"https:\/\/secure.gravatar.com\/avatar\/8b1069f1040fbac0f86196e1710f1be023d8a8feed96772631d3f0868fda0e11?s=96&d=mm&r=g","contentUrl":"https:\/\/secure.gravatar.com\/avatar\/8b1069f1040fbac0f86196e1710f1be023d8a8feed96772631d3f0868fda0e11?s=96&d=mm&r=g","caption":"Stephan"}}]}},"jetpack_featured_media_url":"https:\/\/www.serafimaint.com\/wp-content\/uploads\/2025\/07\/Sommerfest_2025_3.jpg","jetpack_sharing_enabled":true,"_links":{"self":[{"href":"https:\/\/www.serafimaint.com\/de\/wp-json\/wp\/v2\/posts\/991746","targetHints":{"allow":["GET"]}}],"collection":[{"href":"https:\/\/www.serafimaint.com\/de\/wp-json\/wp\/v2\/posts"}],"about":[{"href":"https:\/\/www.serafimaint.com\/de\/wp-json\/wp\/v2\/types\/post"}],"author":[{"embeddable":true,"href":"https:\/\/www.serafimaint.com\/de\/wp-json\/wp\/v2\/users\/3"}],"replies":[{"embeddable":true,"href":"https:\/\/www.serafimaint.com\/de\/wp-json\/wp\/v2\/comments?post=991746"}],"version-history":[{"count":2,"href":"https:\/\/www.serafimaint.com\/de\/wp-json\/wp\/v2\/posts\/991746\/revisions"}],"predecessor-version":[{"id":991871,"href":"https:\/\/www.serafimaint.com\/de\/wp-json\/wp\/v2\/posts\/991746\/revisions\/991871"}],"wp:featuredmedia":[{"embeddable":true,"href":"https:\/\/www.serafimaint.com\/de\/wp-json\/wp\/v2\/media\/991742"}],"wp:attachment":[{"href":"https:\/\/www.serafimaint.com\/de\/wp-json\/wp\/v2\/media?parent=991746"}],"wp:term":[{"taxonomy":"category","embeddable":true,"href":"https:\/\/www.serafimaint.com\/de\/wp-json\/wp\/v2\/categories?post=991746"},{"taxonomy":"post_tag","embeddable":true,"href":"https:\/\/www.serafimaint.com\/de\/wp-json\/wp\/v2\/tags?post=991746"}],"curies":[{"name":"wp","href":"https:\/\/api.w.org\/{rel}","templated":true}]}}